{"id":2733,"date":"2016-02-29T21:48:12","date_gmt":"2016-02-29T21:48:12","guid":{"rendered":"http:\/\/pheipas.org\/?p=2733"},"modified":"2018-01-09T19:27:03","modified_gmt":"2018-01-09T18:27:03","slug":"iii_gala_pheipas","status":"publish","type":"post","link":"https:\/\/pheipas.org\/en\/iii_gala_pheipas\/","title":{"rendered":"III Gala a beneficio de PHEiPAS"},"content":{"rendered":"<p>El pasado 13 de febrero tuvo lugar la III gala a beneficio de PHEiPAS, una gala entra\u00f1able en la que nos acompa\u00f1aron personas que destacan por su solidaridad, colaboraci\u00f3n y entrega en la lucha contra los tumores raros o poco frecuentes (feocromocitoma y paraganglioma maligno, tumores recidivantes de hip\u00f3fisis, c\u00e1ncer de ri\u00f1\u00f3n, tumor GIST c-kit negativo, carcinoma diferenciado de tiroides).<\/p>\n<p>Gracias por compartir con nosotros una noche tan especial, por vuestra generosidad y por vuestra entrega a todos.<\/p>\n<p>Dar las gracias especialmente a personas tan grandes como Reme Hidalgo nuestra fant\u00e1stica coordinadora del evento, y a nuestros artistas Antonio Iranzo, Tina Gorina y a Stanislav Angelov por su enorme fuerza en el escenario. A Alejandro Resta por dedicarnos en esta gala su gran creatividad y las fant\u00e1sticas modelos que nos acompa\u00f1aron, a todas las organizadoras Rosa Mart\u00ednez Valls, a Patricia Sanju\u00e1n de Finest Turevents por tanta ayuda in extremis, a Carol W\u00f6lstein,\u00a0 Cristina Segrera, Marisa Llamb\u00e9s, Marta Roig Esteban, M\u00aa Jes\u00fas Montilla y a nuestra querida Paloma Luis Ortiz.<\/p>\n<p>Tambi\u00e9n a Paula Alc\u00f3n por contar con nosotros y darnos una pista de lanzamiento en Navidad.<\/p>\n<p>A la Doctora Isabel Tena por su sacrificio en tan noble causa y su marido Fernando Montilla.<\/p>\n<p>Agradecer tambi\u00e9n la desinteresada y fant\u00e1stica colaboraci\u00f3n de los presentadores In\u00e9s Ballester y Carles Villeta.<\/p>\n<p>A la generosa contribuci\u00f3n de Carlos Garc\u00eda Chova con la luz, el sonido y el fotocall y a Beatriz Ferrer Ballester por ponernos en contacto con \u00e9l y por sus horas dedicadas a esta Gala como gran fot\u00f3grafa.<\/p>\n<p>A \u00c1ngela Ib\u00e1\u00f1ez y su equipo de Urban Chic por cuidar todo el estilismo.<\/p>\n<p>A la bodega \u202aChozas Carrascal\u202c por su generosa aportaci\u00f3n con el vino y el cava de toda la cena.<\/p>\n<p>A \u00c1ngel Valero, por cedernos tanto y tanto servicio en el Palau Reina Sof\u00eda y a Raquel de Gourmet Catering por hacer todo tan f\u00e1cil.<\/p>\n<p>A Adolfo Ventura por el fant\u00e1stico trabajo realizado captando los momentos de la noche.<\/p>\n<p>A Jes\u00fas Merino presidente del Club Rotary Azahar de Castell\u00f3n por su cooperaci\u00f3n en la lucha contra el c\u00e1ncer.<\/p>\n<p>A \u00c1ngel Vaillo Humbert socio Fundador de la asociaci\u00f3n PHEiPAS.<\/p>\n<p>Al Doctor Jorge Basterra, jefe de servicio de Otorrinolaringolog\u00eda del Hospital General de Valencia, por mostrar tanto inter\u00e9s como desinter\u00e9s en ayudar a muchos pacientes y salvar tantas vidas.<\/p>\n<p>Agradecer tambi\u00e9n a todas las personas que nos han ayudado a hacer de esta Gala una convocatoria tan solicitada como Rosa Mu\u00f1oz, Victoria Lillo Giner, Isabel Reig, Alvaro Catarineu Garcia, Isabel P\u00e9rez, M\u00aa del Mar Quesada, M\u00aa Jos\u00e9 Tejedor Sanz y a tanta y tanta gente!!!<\/p>\n<p>Y finalmente, a nuestros pacientes y las personas que los cuidan como David Alejandre, Caterina Valls y Veronica Baz\u00e1n, Mar Ayll\u00f3n y Philip Watfe, In\u00e9s Traver Roda, a Amanda Gustavsson por su capacidad de lucha, Eva Fern\u00e1ndez y Enriq Cunillera con Irene Salvador y Manel Rodr\u00edguez, Marta Pitarch, Pilar Roca, Nuria Artola y toda su gran familia.<\/p>\n<p>No olvidarnos de todas las <a href=\"https:\/\/pheipas.org\/gala-2016\/\" target=\"_blank\">personas y empresas<\/a> que han colaborado con sus <a href=\"https:\/\/pheipas.org\/?page_id=2125\" target=\"_blank\">donaciones<\/a> para la rifa fuera posible.<\/p>\n<p>\u00a1\u00a1\u00a1A todo el mundo&#8230; Much\u00edsimas gracias por una noche tan especial!!!<\/p>\n","protected":false},"excerpt":{"rendered":"<p>El pasado 13 de febrero tuvo lugar la III gala a beneficio de PHEiPAS, una gala entra\u00f1able en la que nos acompa\u00f1aron personas que destacan por su solidaridad, colaboraci\u00f3n y entrega en la lucha contra los tumores raros o poco [&hellip;]<\/p>\n","protected":false},"author":5,"featured_media":2756,"comment_status":"open","ping_status":"open","sticky":false,"template":"","format":"standard","meta":[],"categories":[24],"tags":[],"_links":{"self":[{"href":"https:\/\/pheipas.org\/en\/wp-json\/wp\/v2\/posts\/2733"}],"collection":[{"href":"https:\/\/pheipas.org\/en\/wp-json\/wp\/v2\/posts"}],"about":[{"href":"https:\/\/pheipas.org\/en\/wp-json\/wp\/v2\/types\/post"}],"author":[{"embeddable":true,"href":"https:\/\/pheipas.org\/en\/wp-json\/wp\/v2\/users\/5"}],"replies":[{"embeddable":true,"href":"https:\/\/pheipas.org\/en\/wp-json\/wp\/v2\/comments?post=2733"}],"version-history":[{"count":0,"href":"https:\/\/pheipas.org\/en\/wp-json\/wp\/v2\/posts\/2733\/revisions"}],"wp:featuredmedia":[{"embeddable":true,"href":"https:\/\/pheipas.org\/en\/wp-json\/wp\/v2\/media\/2756"}],"wp:attachment":[{"href":"https:\/\/pheipas.org\/en\/wp-json\/wp\/v2\/media?parent=2733"}],"wp:term":[{"taxonomy":"category","embeddable":true,"href":"https:\/\/pheipas.org\/en\/wp-json\/wp\/v2\/categories?post=2733"},{"taxonomy":"post_tag","embeddable":true,"href":"https:\/\/pheipas.org\/en\/wp-json\/wp\/v2\/tags?post=2733"}],"curies":[{"name":"wp","href":"https:\/\/api.w.org\/{rel}","templated":true}]}}