{"id":5991,"date":"2020-05-07T01:52:30","date_gmt":"2020-05-06T23:52:30","guid":{"rendered":"http:\/\/pheipas.org\/?p=5991"},"modified":"2020-07-06T10:03:12","modified_gmt":"2020-07-06T08:03:12","slug":"no-pienso-vivir-con-amarguras","status":"publish","type":"post","link":"http:\/\/pheipas.org\/en\/no-pienso-vivir-con-amarguras\/","title":{"rendered":"5. No Pienso Vivir Con Amarguras"},"content":{"rendered":"<div class=\"fusion-fullwidth fullwidth-box nonhundred-percent-fullwidth non-hundred-percent-height-scrolling\"  style='background-color: rgba(255,255,255,0);background-position: center center;background-repeat: no-repeat;padding-top:20px;padding-right:0px;padding-bottom:20px;padding-left:0px;border-top-width:0px;border-bottom-width:0px;border-color:#eae9e9;border-top-style:solid;border-bottom-style:solid;'><div class=\"fusion-builder-row fusion-row \"><div  class=\"fusion-layout-column fusion_builder_column fusion_builder_column_1_1  fusion-one-full fusion-column-first fusion-column-last 1_1\"  style='margin-top:0px;margin-bottom:20px;'>\r\n\t\t\t\t\t<div class=\"fusion-column-wrapper\" style=\"padding: 0px 0px 0px 0px;background-position:left top;background-repeat:no-repeat;-webkit-background-size:cover;-moz-background-size:cover;-o-background-size:cover;background-size:cover;\"   data-bg-url=\"\">\r\n\t\t\t\t\t\t<div class=\"fusion-text\"><p><span style=\"color: #003366;\"><strong>ODISEA DEL AUTOR &#8211; <em>EL MAESTRO DE LA MANO NEGRA<\/em><\/strong><\/span><\/p>\n<p><span style=\"color: #003366;\"><strong>5. No Pienso Vivir Con Amarguras<\/strong><\/span><\/p>\n<p><img loading=\"lazy\" class=\"alignnone wp-image-5987 size-full\" src=\"http:\/\/pheipas.org\/wp-content\/uploads\/2020\/05\/Barrranco-scaled.jpg\" alt=\"\" width=\"2560\" height=\"1894\" srcset=\"http:\/\/pheipas.org\/wp-content\/uploads\/2020\/05\/Barrranco-200x148.jpg 200w, http:\/\/pheipas.org\/wp-content\/uploads\/2020\/05\/Barrranco-300x222.jpg 300w, http:\/\/pheipas.org\/wp-content\/uploads\/2020\/05\/Barrranco-400x296.jpg 400w, http:\/\/pheipas.org\/wp-content\/uploads\/2020\/05\/Barrranco-500x370.jpg 500w, http:\/\/pheipas.org\/wp-content\/uploads\/2020\/05\/Barrranco-600x444.jpg 600w, http:\/\/pheipas.org\/wp-content\/uploads\/2020\/05\/Barrranco-700x518.jpg 700w, http:\/\/pheipas.org\/wp-content\/uploads\/2020\/05\/Barrranco-768x568.jpg 768w, http:\/\/pheipas.org\/wp-content\/uploads\/2020\/05\/Barrranco-800x592.jpg 800w, http:\/\/pheipas.org\/wp-content\/uploads\/2020\/05\/Barrranco-1200x888.jpg 1200w, http:\/\/pheipas.org\/wp-content\/uploads\/2020\/05\/Barrranco-1536x1137.jpg 1536w, http:\/\/pheipas.org\/wp-content\/uploads\/2020\/05\/Barrranco-scaled.jpg 2560w\" sizes=\"(max-width: 2560px) 100vw, 2560px\" \/><\/p>\n<p><span style=\"color: #003366;\">En el oto\u00f1o de 2014 despert\u00e9 de una pesadilla que parec\u00eda incre\u00edble, incluso novelesca por la sorpresa y los giros que hab\u00eda tenido, pero que era real y deb\u00eda de afrontarla. Por mi parte, asum\u00ed con firmeza un desaf\u00edo: no pienso vivir con amarguras, ni \u00e1nimo deca\u00eddo, eso ser\u00eda darles ventajas a las c\u00e9lulas malignas. Yo no les voy a dar ninguna, aunque soy humano. No quiero a mi alrededor personas pesarosas ni negativas, sino lo contrario, vitalistas, l\u00fadicas y alegres. Har\u00e9 cosas que me gusten y pueda hacer, pese a mis limitaciones, tales como ver una buena pel\u00edcula, conversar, leer, jugar, amar, escribir, mirar la lluvia, la lumbre chispeante en una chimenea, o la luz del sol\u2026 La existencia es una lucha y hay luz despu\u00e9s del t\u00fanel. Nuestros esp\u00edritus y sue\u00f1os pueden ser eternos. Nosotros somos mortales, pero formamos parte del universo, somos polvo y luz de las estrellas.<\/span><\/p>\n<p><span style=\"color: #003366;\">Con un buen amigo inici\u00e9 un camino de crecimiento interior, meditaci\u00f3n y aprendizaje. Yo estaba, igual que \u00e9l, reci\u00e9n jubilado y ambos ten\u00edamos desaf\u00edos personales de enfermedades consideradas incurables. Ambos nos ayudamos como quijotes dispuestos a luchar contra nuestros molinos gigantes del miedo.<\/span><\/p>\n<p><span style=\"color: #003366;\">En nuestro desarrollo personal, el primer libro de lectura comentada fue <em>El efecto placebo eres t\u00fa<\/em>, de Joe Dispenza. Los debates eran intensos para exprimir al m\u00e1ximo nuestras lecturas.<\/span><\/p>\n<p><span style=\"color: #003366;\">\u00abNuestros pensamientos son esenciales para que nuestro cuerpo pueda obrar milagros. Si tenemos fe y constancia en el tiempo, con la ayuda de otros especialistas, podemos elegir nuestro propio destino: la sanaci\u00f3n\u00bb le dec\u00eda.<\/span><\/p>\n<p><span style=\"color: #003366;\">Me operaron a finales de noviembre de 2014 para descomprimir la m\u00e9dula ante el riesgo de quedarme paral\u00edtico. Para caminar ten\u00eda que llevar un inc\u00f3modo cors\u00e9, pero pod\u00eda disfrutar de movimiento. Antes de la intervenci\u00f3n, varias veces desafi\u00e9 a mi destino, cog\u00ed la bicicleta con el cors\u00e9 puesto, me sub\u00ed hasta el \u00faltimo pelda\u00f1o de una escalera\u2026 Sab\u00eda que una ca\u00edda pod\u00eda ser fatal, me limitaba a tener prudencia dentro de la temeridad. No quer\u00eda tener miedo a nada. \u00bfDesafiaba a la muerte? No tengo miedo a la muerte, me dec\u00eda. Era curioso, pensaba en mi personaje de creaci\u00f3n literaria Miguelillo Ajorcajambre. Mi novela, <em>El maestro de la Mano Negra, <\/em>con muchas zozobras, segu\u00eda su curso.<\/span><\/p>\n<p><span style=\"color: #003366;\">Mi situaci\u00f3n era, pues, complicada, ten\u00eda c\u00e1ncer con met\u00e1stasis, un par de v\u00e9rtebras aplastadas, la m\u00e9dula comprimida y el riesgo de quedarme tullido. Nada de dramas, persist\u00eda. La amistad era para m\u00ed m\u00e1s importante que nunca. Si alg\u00fan amigo anonadado por mi enfermedad no respond\u00eda, lo provocaba:<\/span><\/p>\n<p style=\"padding-left: 40px;\"><span style=\"color: #003366;\">\u2015Todav\u00eda no me he muerto. Adem\u00e1s, estoy seguro de que me puedo morir antes o despu\u00e9s que t\u00fa.<\/span><\/p>\n<p style=\"text-align: right;\"><span style=\"color: #003366;\"><em>\u00a0\u00a0\u00a0\u00a0\u00a0\u00a0\u00a0\u00a0\u00a0\u00a0\u00a0\u00a0\u00a0\u00a0\u00a0\u00a0\u00a0\u00a0\u00a0\u00a0\u00a0\u00a0\u00a0\u00a0\u00a0\u00a0\u00a0\u00a0\u00a0\u00a0\u00a0\u00a0\u00a0\u00a0\u00a0\u00a0\u00a0\u00a0\u00a0\u00a0\u00a0\u00a0\u00a0\u00a0\u00a0\u00a0\u00a0\u00a0\u00a0\u00a0\u00a0\u00a0\u00a0\u00a0\u00a0\u00a0\u00a0\u00a0\u00a0\u00a0\u00a0\u00a0\u00a0\u00a0\u00a0\u00a0\u00a0\u00a0\u00a0\u00a0\u00a0\u00a0\u00a0\u00a0\u00a0\u00a0\u00a0\u00a0\u00a0\u00a0\u00a0\u00a0\u00a0\u00a0\u00a0\u00a0\u00a0\u00a0\u00a0\u00a0\u00a0\u00a0\u00a0\u00a0\u00a0\u00a0\u00a0\u00a0\u00a0\u00a0\u00a0\u00a0\u00a0\u00a0 \u00a0\u00a0\u00a0\u00a0\u00a0\u00a0\u00a0\u00a0 Carlos Algora<\/em><\/span><\/p>\n<\/div><div class=\"fusion-clearfix\"><\/div>\r\n\r\n\t\t\t\t\t<\/div>\r\n\t\t\t\t<\/div><\/div><\/div>\n","protected":false},"excerpt":{"rendered":"","protected":false},"author":5,"featured_media":5987,"comment_status":"closed","ping_status":"open","sticky":false,"template":"","format":"standard","meta":[],"categories":[48,81],"tags":[],"_links":{"self":[{"href":"http:\/\/pheipas.org\/en\/wp-json\/wp\/v2\/posts\/5991"}],"collection":[{"href":"http:\/\/pheipas.org\/en\/wp-json\/wp\/v2\/posts"}],"about":[{"href":"http:\/\/pheipas.org\/en\/wp-json\/wp\/v2\/types\/post"}],"author":[{"embeddable":true,"href":"http:\/\/pheipas.org\/en\/wp-json\/wp\/v2\/users\/5"}],"replies":[{"embeddable":true,"href":"http:\/\/pheipas.org\/en\/wp-json\/wp\/v2\/comments?post=5991"}],"version-history":[{"count":0,"href":"http:\/\/pheipas.org\/en\/wp-json\/wp\/v2\/posts\/5991\/revisions"}],"wp:featuredmedia":[{"embeddable":true,"href":"http:\/\/pheipas.org\/en\/wp-json\/wp\/v2\/media\/5987"}],"wp:attachment":[{"href":"http:\/\/pheipas.org\/en\/wp-json\/wp\/v2\/media?parent=5991"}],"wp:term":[{"taxonomy":"category","embeddable":true,"href":"http:\/\/pheipas.org\/en\/wp-json\/wp\/v2\/categories?post=5991"},{"taxonomy":"post_tag","embeddable":true,"href":"http:\/\/pheipas.org\/en\/wp-json\/wp\/v2\/tags?post=5991"}],"curies":[{"name":"wp","href":"https:\/\/api.w.org\/{rel}","templated":true}]}}