{"id":5306,"date":"2018-11-07T10:10:08","date_gmt":"2018-11-07T09:10:08","guid":{"rendered":"http:\/\/pheipas.org\/?p=5306"},"modified":"2018-11-07T10:10:08","modified_gmt":"2018-11-07T09:10:08","slug":"28-ser-o-no-ser","status":"publish","type":"post","link":"http:\/\/pheipas.org\/en\/28-ser-o-no-ser\/","title":{"rendered":"28. Ser o no ser"},"content":{"rendered":"<div class=\"fusion-fullwidth fullwidth-box nonhundred-percent-fullwidth non-hundred-percent-height-scrolling\"  style='background-color: rgba(255,255,255,0);background-position: center center;background-repeat: no-repeat;padding-top:20px;padding-right:0px;padding-bottom:20px;padding-left:0px;border-top-width:0px;border-bottom-width:0px;border-color:#eae9e9;border-top-style:solid;border-bottom-style:solid;'><div class=\"fusion-builder-row fusion-row \"><div  class=\"fusion-layout-column fusion_builder_column fusion_builder_column_1_1  fusion-one-full fusion-column-first fusion-column-last 1_1\"  style='margin-top:0px;margin-bottom:20px;'>\r\n\t\t\t\t\t<div class=\"fusion-column-wrapper\" style=\"padding: 0px 0px 0px 0px;background-position:left top;background-repeat:no-repeat;-webkit-background-size:cover;-moz-background-size:cover;-o-background-size:cover;background-size:cover;\"   data-bg-url=\"\">\r\n\t\t\t\t\t\t<div class=\"fusion-text\"><p><span style=\"color: #6f359e;\"><strong>DESTELLOS EN EL CREP\u00daSCULO<\/strong><\/span><\/p>\n<p><span style=\"color: #6f359e;\"><strong>28. <b><span lang=\"ES\">Ser o no ser<\/span><\/b><\/strong><\/span><\/p>\n<p><img loading=\"lazy\" class=\"alignnone wp-image-5307 size-full\" src=\"http:\/\/pheipas.org\/wp-content\/uploads\/2018\/11\/Atardecer.jpg\" alt=\"\" width=\"2048\" height=\"1209\" srcset=\"http:\/\/pheipas.org\/wp-content\/uploads\/2018\/11\/Atardecer-200x118.jpg 200w, http:\/\/pheipas.org\/wp-content\/uploads\/2018\/11\/Atardecer-300x177.jpg 300w, http:\/\/pheipas.org\/wp-content\/uploads\/2018\/11\/Atardecer-400x236.jpg 400w, http:\/\/pheipas.org\/wp-content\/uploads\/2018\/11\/Atardecer-500x295.jpg 500w, http:\/\/pheipas.org\/wp-content\/uploads\/2018\/11\/Atardecer-600x354.jpg 600w, http:\/\/pheipas.org\/wp-content\/uploads\/2018\/11\/Atardecer-700x413.jpg 700w, http:\/\/pheipas.org\/wp-content\/uploads\/2018\/11\/Atardecer-768x453.jpg 768w, http:\/\/pheipas.org\/wp-content\/uploads\/2018\/11\/Atardecer-800x472.jpg 800w, http:\/\/pheipas.org\/wp-content\/uploads\/2018\/11\/Atardecer-1200x708.jpg 1200w, http:\/\/pheipas.org\/wp-content\/uploads\/2018\/11\/Atardecer.jpg 2048w\" sizes=\"(max-width: 2048px) 100vw, 2048px\" \/><\/p>\n<p><span style=\"color: #6f359e;\">En una tarde oto\u00f1al he caminado sobre el mar, viento ligero de poniente, nubes blancas y rosas con recovecos negros, azules de profundos infinitos, gaviotas de vuelo elegante, sol tenue de \u00e1mbar,\u2026<\/span><\/p>\n<p><span style=\"color: #6f359e;\">Solo soy un pobre mortal que orillea por las aguas y asienta sus pies sumergidos en la suave arena. He dialogado conmigo mismo.<\/span><\/p>\n<p><span style=\"color: #6f359e;\">Hace ya a\u00f1os que atraves\u00e9 el ecuador y alg\u00fan que otro paralelo de mi vida, pero me siento joven para amar, aprender, sentir\u2026 Y espero continuar con mucha andadura por delante, aunque eso depende del destino.<\/span><\/p>\n<p><span style=\"color: #6f359e;\">Somos afortunados por vivir, somos excepcionales. Con tantas variables, casualidades, combinaciones y millones de espermatozoides posibles, una aut\u00e9ntica loter\u00eda hizo el milagro de nuestra vida.<\/span><\/p>\n<p><span style=\"color: #6f359e;\">A m\u00ed la muerte me gusta contemplarla con la siguiente reflexi\u00f3n: en nuestra existencia no importa tanto la largura del camino como el equipaje que llevamos, y c\u00f3mo la afrontamos.<\/span><\/p>\n<p><span style=\"color: #6f359e;\">Una de las claves la manifestaba ya Alejandro Magno: contemplar nuestra existencia como si fu\u00e9ramos a vivir siempre, como si pudi\u00e9ramos morir ma\u00f1ana. Hemos de aceptar sin miedos nuestra vida impredecible.<\/span><\/p>\n<p><span style=\"color: #6f359e;\">Otras de las esencias para no perder el rumbo son buscar la serenidad interior y el anhelo de felicidad para hacer m\u00e1s felices a los que nos rodean.<\/span><\/p>\n<p><span style=\"color: #6f359e;\">En el caminar de la vida hay tantos nubarrones negros como elementos maravillosos, disfrut\u00e9moslo, aprendamos de las ca\u00eddas y evitemos los enfados est\u00e9riles.<\/span><\/p>\n<p><span style=\"color: #6f359e;\">Seamos conscientes de lo trascendente, de lo que de verdad importa, de nuestro tiempo limitado y no alimentemos tanto nuestro ego.<\/span><\/p>\n<p><span style=\"color: #6f359e;\">Aceptemos con filosof\u00eda nuestra muerte, aunque nos pese, incluso con agradecimiento si hemos tenido la suerte de haber disfrutado de una existencia plena y haber llegado hasta el final con una cierta calidad de vida.<\/span><\/p>\n<p><span style=\"color: #6f359e;\">Por supuesto, no todas las muertes son iguales y casi siempre provocan en los m\u00e1s cercanos un gran dolor y un enorme vac\u00edo. No olvidemos nunca a los seres queridos que ya no est\u00e1n y recordemos sin tristeza los buenos momentos vividos.<\/span><\/p>\n<p><span style=\"color: #6f359e;\">Como ilumin\u00f3 S\u00f3crates, la muerte supone alcanzar un sue\u00f1o eterno sin pesadillas ni dolores y formar parte del cosmos donde est\u00e1bamos antes de nacer. O bien, encontrarnos con la sorpresa agradable de afrontar un m\u00e1s all\u00e1, sin ning\u00fan temor al haber sido consecuentes con nosotros mismos.<\/span><\/p>\n<p><span style=\"color: #6f359e;\">Mientras tanto, vivir con intensidad. Insisto: sin miedos, con alegr\u00eda y con cierta autonom\u00eda hasta el final. Y cuando llegue el momento que ha de llegar, dejar la existencia sin desgarro.<\/span><\/p>\n<p><span style=\"color: #6f359e;\">Por ello, soy un firme partidario de la eutanasia responsable y justificada que se debate en el Congreso de nuestro pa\u00eds estos d\u00edas.<\/span><\/p>\n<p><span style=\"color: #6f359e;\">Estoy a favor de una muerte digna. En una situaci\u00f3n irreversible y sin salida, poder optar y decidir con libertad, t\u00fa o los tuyos, si es tu voluntad, un adi\u00f3s sereno sin alargar los tiempos innecesarios.<\/span><\/p>\n<p><span style=\"color: #6f359e;\">Es un derecho la libertad del paciente a una muerte serena, a restar sufrimiento, a poder elegir, sin que esta afirmaci\u00f3n implique renunciar por ello a la mejora necesaria de los cuidados paliativos en nuestro pa\u00eds y a la libertad m\u00e9dica.<\/span><\/p>\n<p><span style=\"color: #6f359e;\">El tema de la muerte en nuestra cultura occidental actual es tab\u00fa. En sociedades civilizadas con principios humanos avanzados, la eutanasia debe ser un derecho, seg\u00fan la libre conciencia de cada uno, y no un delito.<\/span><\/p>\n<p><span style=\"color: #6f359e;\">Que nadie se equivoque\u2026 Soy un amante de la vida y de la brisa de aire que me acaricia todos los d\u00edas, un superviviente, un luchador que nunca se va a rendir\u2026 Pero cuando llegue lo inevitable para todo ser vivo, quiero restar penas y hacer un tr\u00e1nsito sereno y digno, una despedida sin agon\u00eda, con amor y amistad.<\/span><\/p>\n<p><span style=\"color: #6f359e;\">A m\u00ed me gustar\u00eda morir con las botas puestas, sin dramatismo, despedirme de la vida y de mi entorno con una sonrisa y brindando agradecido por la oportunidad que he tenido de haber vivido, de ser afortunado, de amar y ser amado.<\/span><\/p>\n<p style=\"text-align: right;\"><span style=\"color: #6f359e;\">Carlos Algora<\/span><\/p>\n<\/div><div class=\"fusion-clearfix\"><\/div>\r\n\r\n\t\t\t\t\t<\/div>\r\n\t\t\t\t<\/div><\/div><\/div>\n","protected":false},"excerpt":{"rendered":"","protected":false},"author":5,"featured_media":5307,"comment_status":"open","ping_status":"open","sticky":false,"template":"","format":"standard","meta":[],"categories":[59,48],"tags":[],"_links":{"self":[{"href":"http:\/\/pheipas.org\/en\/wp-json\/wp\/v2\/posts\/5306"}],"collection":[{"href":"http:\/\/pheipas.org\/en\/wp-json\/wp\/v2\/posts"}],"about":[{"href":"http:\/\/pheipas.org\/en\/wp-json\/wp\/v2\/types\/post"}],"author":[{"embeddable":true,"href":"http:\/\/pheipas.org\/en\/wp-json\/wp\/v2\/users\/5"}],"replies":[{"embeddable":true,"href":"http:\/\/pheipas.org\/en\/wp-json\/wp\/v2\/comments?post=5306"}],"version-history":[{"count":0,"href":"http:\/\/pheipas.org\/en\/wp-json\/wp\/v2\/posts\/5306\/revisions"}],"wp:featuredmedia":[{"embeddable":true,"href":"http:\/\/pheipas.org\/en\/wp-json\/wp\/v2\/media\/5307"}],"wp:attachment":[{"href":"http:\/\/pheipas.org\/en\/wp-json\/wp\/v2\/media?parent=5306"}],"wp:term":[{"taxonomy":"category","embeddable":true,"href":"http:\/\/pheipas.org\/en\/wp-json\/wp\/v2\/categories?post=5306"},{"taxonomy":"post_tag","embeddable":true,"href":"http:\/\/pheipas.org\/en\/wp-json\/wp\/v2\/tags?post=5306"}],"curies":[{"name":"wp","href":"https:\/\/api.w.org\/{rel}","templated":true}]}}