{"id":5270,"date":"2018-10-18T17:54:21","date_gmt":"2018-10-18T15:54:21","guid":{"rendered":"http:\/\/pheipas.org\/?p=5270"},"modified":"2018-10-18T18:13:42","modified_gmt":"2018-10-18T16:13:42","slug":"pheipas-se-integra-en-feder","status":"publish","type":"post","link":"http:\/\/pheipas.org\/en\/pheipas-se-integra-en-feder\/","title":{"rendered":"PHEIPAS SE INTEGRA EN FEDER"},"content":{"rendered":"<p><div class=\"fusion-fullwidth fullwidth-box nonhundred-percent-fullwidth non-hundred-percent-height-scrolling\"  style='background-color: rgba(255,255,255,0);background-position: center center;background-repeat: no-repeat;padding-top:0px;padding-right:0px;padding-bottom:0px;padding-left:0px;margin-top: 40px;border-top-width:0px;border-bottom-width:0px;border-color:#eae9e9;border-top-style:solid;border-bottom-style:solid;'><div class=\"fusion-builder-row fusion-row \"><div  class=\"fusion-layout-column fusion_builder_column fusion_builder_column_1_2  fusion-one-half fusion-column-first 1_2\"  style='margin-top:0px;margin-bottom:20px;width:50%;width:calc(50% - ( ( 4% ) * 0.5 ) );margin-right: 4%;'>\r\n\t\t\t\t\t<div class=\"fusion-column-wrapper\" style=\"padding: 0px 0px 0px 0px;background-position:left top;background-repeat:no-repeat;-webkit-background-size:cover;-moz-background-size:cover;-o-background-size:cover;background-size:cover;\"   data-bg-url=\"\">\r\n\t\t\t\t\t\t<div class=\"imageframe-align-center\"><span class=\"fusion-imageframe imageframe-none imageframe-1 hover-type-none\"><img loading=\"lazy\" src=\"http:\/\/pheipas.org\/wp-content\/uploads\/2018\/10\/LogoCabeceraWeb.jpg\" width=\"262\" height=\"108\" alt=\"\" title=\"LogoCabeceraWeb\" class=\"img-responsive wp-image-5269\" srcset=\"http:\/\/pheipas.org\/wp-content\/uploads\/2018\/10\/LogoCabeceraWeb-200x82.jpg 200w, http:\/\/pheipas.org\/wp-content\/uploads\/2018\/10\/LogoCabeceraWeb.jpg 262w\" sizes=\"(max-width: 800px) 100vw, 262px\" \/><\/span><\/div><div class=\"fusion-clearfix\"><\/div>\r\n\r\n\t\t\t\t\t<\/div>\r\n\t\t\t\t<\/div><div  class=\"fusion-layout-column fusion_builder_column fusion_builder_column_1_2  fusion-one-half fusion-column-last 1_2\"  style='margin-top:0px;margin-bottom:20px;width:50%;width:calc(50% - ( ( 4% ) * 0.5 ) );'>\r\n\t\t\t\t\t<div class=\"fusion-column-wrapper\" style=\"padding: 0px 0px 0px 0px;background-position:left top;background-repeat:no-repeat;-webkit-background-size:cover;-moz-background-size:cover;-o-background-size:cover;background-size:cover;\"   data-bg-url=\"\">\r\n\t\t\t\t\t\t<div class=\"imageframe-align-center\"><span class=\"fusion-imageframe imageframe-none imageframe-2 hover-type-none\"><img loading=\"lazy\" src=\"http:\/\/pheipas.org\/wp-content\/uploads\/2017\/01\/Logo-Firma.jpg\" width=\"369\" height=\"120\" alt=\"\" title=\"Logo-Firma\" class=\"img-responsive wp-image-3680\"\/><\/span><\/div><div class=\"fusion-clearfix\"><\/div>\r\n\r\n\t\t\t\t\t<\/div>\r\n\t\t\t\t<\/div><\/div><\/div><div class=\"fusion-fullwidth fullwidth-box nonhundred-percent-fullwidth non-hundred-percent-height-scrolling\"  style='background-color: rgba(255,255,255,0);background-position: center center;background-repeat: no-repeat;padding-top:0px;padding-right:0px;padding-bottom:0px;padding-left:0px;margin-bottom: 40px;margin-top: 40px;border-top-width:0px;border-bottom-width:0px;border-color:#eae9e9;border-top-style:solid;border-bottom-style:solid;'><div class=\"fusion-builder-row fusion-row \"><div  class=\"fusion-layout-column fusion_builder_column fusion_builder_column_1_1  fusion-one-full fusion-column-first fusion-column-last 1_1\"  style='margin-top:0px;margin-bottom:20px;'>\r\n\t\t\t\t\t<div class=\"fusion-column-wrapper\" style=\"padding: 0px 0px 0px 0px;background-position:left top;background-repeat:no-repeat;-webkit-background-size:cover;-moz-background-size:cover;-o-background-size:cover;background-size:cover;\"   data-bg-url=\"\">\r\n\t\t\t\t\t\t<div class=\"fusion-text\"><p>La Federaci\u00f3n Espanyola de Enfermedades Raras (FEDER) ha aceptado la solicitud de adhesi\u00f3n de PHEIPAS Pheochromocytoma y Paraganglioma Acci\u00f3n Solidaria.<\/p>\n<p>FEDER es una asociaci\u00f3n de \u00e1mbito nacional sin \u00e1nimo de lucro constituida actualmente por m\u00e1s de 330 miembros que agrupan a personas con enfermedades de baja prevalencia y que trabaja para defender los derechos de este colectivo.<\/p>\n<p>La ratificaci\u00f3n definitiva del ingreso se realizar\u00e1, tal como establecen los estatutos de FEDER, en la asamblea general de socios del pr\u00f3ximo junio.<\/p>\n<p>Agradecemos a FEDER esta admisi\u00f3n, as\u00ed como el apoyo y el valioso asesoramiento que ya ven\u00eda ofreci\u00e9ndonos. Esperamos poder aportar nuestro grano de arena para que la investigaci\u00f3n, el diagn\u00f3stico a tiempo y el tratamiento adecuado de los pacientes de enfermedades raras sea una realidad.<\/p>\n<\/div><div class=\"fusion-clearfix\"><\/div>\r\n\r\n\t\t\t\t\t<\/div>\r\n\t\t\t\t<\/div><\/div><\/div><\/p>\n","protected":false},"excerpt":{"rendered":"","protected":false},"author":5,"featured_media":5268,"comment_status":"open","ping_status":"open","sticky":false,"template":"","format":"standard","meta":[],"categories":[48],"tags":[],"_links":{"self":[{"href":"http:\/\/pheipas.org\/en\/wp-json\/wp\/v2\/posts\/5270"}],"collection":[{"href":"http:\/\/pheipas.org\/en\/wp-json\/wp\/v2\/posts"}],"about":[{"href":"http:\/\/pheipas.org\/en\/wp-json\/wp\/v2\/types\/post"}],"author":[{"embeddable":true,"href":"http:\/\/pheipas.org\/en\/wp-json\/wp\/v2\/users\/5"}],"replies":[{"embeddable":true,"href":"http:\/\/pheipas.org\/en\/wp-json\/wp\/v2\/comments?post=5270"}],"version-history":[{"count":0,"href":"http:\/\/pheipas.org\/en\/wp-json\/wp\/v2\/posts\/5270\/revisions"}],"wp:featuredmedia":[{"embeddable":true,"href":"http:\/\/pheipas.org\/en\/wp-json\/wp\/v2\/media\/5268"}],"wp:attachment":[{"href":"http:\/\/pheipas.org\/en\/wp-json\/wp\/v2\/media?parent=5270"}],"wp:term":[{"taxonomy":"category","embeddable":true,"href":"http:\/\/pheipas.org\/en\/wp-json\/wp\/v2\/categories?post=5270"},{"taxonomy":"post_tag","embeddable":true,"href":"http:\/\/pheipas.org\/en\/wp-json\/wp\/v2\/tags?post=5270"}],"curies":[{"name":"wp","href":"https:\/\/api.w.org\/{rel}","templated":true}]}}