{"id":4911,"date":"2018-02-07T08:45:07","date_gmt":"2018-02-07T07:45:07","guid":{"rendered":"http:\/\/pheipas.org\/?p=4911"},"modified":"2018-01-31T18:28:33","modified_gmt":"2018-01-31T17:28:33","slug":"14-el-gozo-de-caminar-meditar","status":"publish","type":"post","link":"http:\/\/pheipas.org\/en\/14-el-gozo-de-caminar-meditar\/","title":{"rendered":"14. El gozo de caminar y meditar"},"content":{"rendered":"<div class=\"fusion-fullwidth fullwidth-box nonhundred-percent-fullwidth non-hundred-percent-height-scrolling\"  style='background-color: rgba(255,255,255,0);background-position: center center;background-repeat: no-repeat;padding-top:20px;padding-right:0px;padding-bottom:20px;padding-left:0px;border-top-width:0px;border-bottom-width:0px;border-color:#eae9e9;border-top-style:solid;border-bottom-style:solid;'><div class=\"fusion-builder-row fusion-row \"><div  class=\"fusion-layout-column fusion_builder_column fusion_builder_column_1_1  fusion-one-full fusion-column-first fusion-column-last 1_1\"  style='margin-top:0px;margin-bottom:20px;'>\r\n\t\t\t\t\t<div class=\"fusion-column-wrapper\" style=\"padding: 0px 0px 0px 0px;background-position:left top;background-repeat:no-repeat;-webkit-background-size:cover;-moz-background-size:cover;-o-background-size:cover;background-size:cover;\"   data-bg-url=\"\">\r\n\t\t\t\t\t\t<div class=\"fusion-text\"><p><span style=\"color: #70319e;\">Caminar es la actividad f\u00edsica m\u00e1s ancestral desde que alcanzamos la posici\u00f3n b\u00edpeda.<\/span><\/p>\n<p><span style=\"color: #70319e;\">Si lo hacemos en espacios naturales, nos fortalecer\u00e1 el \u00e1nimo y la salud. Nos acercar\u00e1 a los ciclos de la naturaleza.<\/span><\/p>\n<p><span style=\"color: #70319e;\">Como senderista, he disfrutado al empaparme de los colores y olores de la tierra, de la melod\u00eda que exhalan los bosques, del susurro de las hojas, del sabor de las setas, las casta\u00f1as, las bellotas\u2026<\/span><\/p>\n<p><span style=\"color: #70319e;\">Me he sentido traspasar con la fuerza y la energ\u00eda de la naturaleza al abrazarme a un viejo \u00e1rbol.<\/span><\/p>\n<p><span style=\"color: #70319e;\">Si he iniciado el sendero con ansiedad o melancol\u00eda, este ha sido para m\u00ed como un t\u00f3nico que ha sanado mi esp\u00edritu.<\/span><\/p>\n<p><span style=\"color: #70319e;\">He practicado, sin saberlo, Shinrin yoku, un ritual japon\u00e9s que significa \u201cba\u00f1os del bosque\u201d. Es caminar en actitud contemplativa y de admiraci\u00f3n de la belleza natural.\u00a0<\/span><\/p>\n<p><span style=\"color: #70319e;\">La devoci\u00f3n por la hermosura natural ayuda a nuestra mente a entrar en estado alfa, que exalta el esp\u00edritu y nos aleja del desasosiego.<\/span><\/p>\n<p><span style=\"color: #70319e;\">Tambi\u00e9n se hace camino al andar, como dec\u00eda Machado; el ser humano, como ser espiritual, aspira en su vida a una senda de crecimiento interior y autoconocimiento.<\/span><\/p>\n<p><span style=\"color: #70319e;\">Desde hace unos meses he aprendido a caminar y meditar. En Sevilla conocimos a unos monjes budistas de la comunidad Plum Village (Francia), tratamos de seguir sus pr\u00e1cticas de meditar caminando.<\/span><\/p>\n<p><span style=\"color: #70319e;\">Caminamos m\u00e1s lentos, tenemos que seducir a nuestra mente para aquietarla, saborear cada paso con una respiraci\u00f3n arm\u00f3nica y relajada.<\/span><\/p>\n<p><span style=\"color: #70319e;\">Caminamos con paz y alegr\u00eda. Dibujamos una sonrisa en nuestra cara.<\/span><\/p>\n<p><span style=\"color: #70319e;\">Acariciamos con nuestros pies la madre Tierra. No hay pasado ni futuro que nos inquieten.<\/span><\/p>\n<p><span style=\"color: #70319e;\">Somos presente, con nuestros pies besamos la tierra. Sentimos paz y dicha.<\/span><\/p>\n<p><span style=\"color: #70319e;\">Sentimos la brisa que nos envuelve, a cada paso nos anclamos m\u00e1s a la madre Tierra.<\/span><\/p>\n<p><span style=\"color: #70319e;\">Somos naturaleza viva, escuchamos a la madre Tierra. Queremos dar todo nuestro amor, ning\u00fan ruido nos perturba.<\/span><\/p>\n<p><span style=\"color: #70319e;\">Caminamos agradecidos porque estamos vivos.<\/span><\/p>\n<p><span style=\"color: #70319e;\">Queremos caminar para fortalecer la serenidad interior y anhelamos la paz del planeta.<\/span><\/p>\n<p><span style=\"color: #70319e;\">Somos solidarios con los que sufren\u2026 Somos amor que nos proyectamos\u2026<\/span><\/p>\n<p><span style=\"color: #70319e;\">Ajustamos los pasos a la respiraci\u00f3n. Escuchamos el aire que llena nuestros pulmones y damos dos o tres pasos. Atendemos el aire que sale y avanzamos.<\/span><\/p>\n<p><span style=\"color: #70319e;\">Buscamos un equilibrio y un ritmo sin forzar la respiraci\u00f3n seg\u00fan el fuelle de nuestros pulmones. Cada paso es un gozo.<\/span><\/p>\n<p><span style=\"color: #70319e;\">El contar al principio nos puede ayudar a caminar con conciencia plena sin que nos asalten pensamientos extra\u00f1os.<\/span><\/p>\n<p><span style=\"color: #70319e;\">No quiero caminar con estr\u00e9s, ni prisas ni con una mente inquieta que me angustie.<\/span><\/p>\n<p><span style=\"color: #70319e;\">No quiero caminar como un zombi, envuelto en pensamientos que saltan como una ardilla temerosa de \u00e1rbol en \u00e1rbol.<\/span><\/p>\n<p><span style=\"color: #70319e;\">No deseo la ch\u00e1chara mental que me impide ver la belleza que me envuelve ni apreciar el gozo de andar.<\/span><\/p>\n<p><span style=\"color: #70319e;\">Soy tierra, part\u00edcula c\u00f3smica que me conecto con la madre Tierra y el Universo. No busco ning\u00fan fin ni tan siquiera una meta fija. Solo caminar con plena consciencia y goce.<\/span><\/p>\n<p><span style=\"color: #70319e;\">Al principio soy como un beb\u00e9 inseguro que da sus primeros pasos.\u00a0 Sigo el ritmo de la respiraci\u00f3n con confianza.<\/span><\/p>\n<p><span style=\"color: #70319e;\">Dibujo una sonrisa, con la pr\u00e1ctica esta brotar\u00e1 de mi manantial interior. Con la pr\u00e1ctica mis pulmones se fortalecer\u00e1n.<\/span><\/p>\n<p><span style=\"color: #70319e;\">Visualizo y siento la gran alegr\u00eda de mi sanaci\u00f3n:<\/span><\/p>\n<p><span style=\"color: #70319e;\">Camino acariciado por la luz del sol.<\/span><\/p>\n<p><span style=\"color: #70319e;\">Sin penas, ni enfermedad ni miedos.<\/span><\/p>\n<p><span style=\"color: #70319e;\">Con una sonrisa ancha.<\/span><\/p>\n<p><span style=\"color: #70319e;\">Con una paz y serenidad que empapan todo mi ser.<\/span><\/p>\n<p style=\"text-align: right;\">\u00a0\u00a0\u00a0\u00a0\u00a0\u00a0\u00a0\u00a0\u00a0\u00a0\u00a0\u00a0\u00a0\u00a0\u00a0\u00a0\u00a0\u00a0\u00a0\u00a0\u00a0\u00a0\u00a0\u00a0\u00a0\u00a0\u00a0\u00a0\u00a0\u00a0\u00a0\u00a0\u00a0\u00a0\u00a0\u00a0\u00a0\u00a0\u00a0\u00a0\u00a0\u00a0\u00a0\u00a0\u00a0\u00a0\u00a0\u00a0\u00a0\u00a0\u00a0\u00a0\u00a0\u00a0\u00a0\u00a0\u00a0\u00a0\u00a0\u00a0\u00a0\u00a0\u00a0\u00a0\u00a0\u00a0\u00a0\u00a0\u00a0 \u00a0\u00a0\u00a0\u00a0\u00a0\u00a0\u00a0\u00a0\u00a0\u00a0 <span style=\"color: #70319e;\">Carlos Algora<\/span><\/p>\n<\/div><div class=\"fusion-clearfix\"><\/div>\r\n\r\n\t\t\t\t\t<\/div>\r\n\t\t\t\t<\/div><\/div><\/div>\n","protected":false},"excerpt":{"rendered":"","protected":false},"author":5,"featured_media":4904,"comment_status":"open","ping_status":"open","sticky":false,"template":"","format":"standard","meta":[],"categories":[59,48],"tags":[],"_links":{"self":[{"href":"http:\/\/pheipas.org\/en\/wp-json\/wp\/v2\/posts\/4911"}],"collection":[{"href":"http:\/\/pheipas.org\/en\/wp-json\/wp\/v2\/posts"}],"about":[{"href":"http:\/\/pheipas.org\/en\/wp-json\/wp\/v2\/types\/post"}],"author":[{"embeddable":true,"href":"http:\/\/pheipas.org\/en\/wp-json\/wp\/v2\/users\/5"}],"replies":[{"embeddable":true,"href":"http:\/\/pheipas.org\/en\/wp-json\/wp\/v2\/comments?post=4911"}],"version-history":[{"count":0,"href":"http:\/\/pheipas.org\/en\/wp-json\/wp\/v2\/posts\/4911\/revisions"}],"wp:featuredmedia":[{"embeddable":true,"href":"http:\/\/pheipas.org\/en\/wp-json\/wp\/v2\/media\/4904"}],"wp:attachment":[{"href":"http:\/\/pheipas.org\/en\/wp-json\/wp\/v2\/media?parent=4911"}],"wp:term":[{"taxonomy":"category","embeddable":true,"href":"http:\/\/pheipas.org\/en\/wp-json\/wp\/v2\/categories?post=4911"},{"taxonomy":"post_tag","embeddable":true,"href":"http:\/\/pheipas.org\/en\/wp-json\/wp\/v2\/tags?post=4911"}],"curies":[{"name":"wp","href":"https:\/\/api.w.org\/{rel}","templated":true}]}}