{"id":3816,"date":"2017-02-04T11:26:55","date_gmt":"2017-02-04T11:26:55","guid":{"rendered":"http:\/\/pheipas.org\/?p=3816\/"},"modified":"2018-01-09T19:27:02","modified_gmt":"2018-01-09T18:27:02","slug":"dia-mundial-contra-el-cancer","status":"publish","type":"post","link":"http:\/\/pheipas.org\/en\/dia-mundial-contra-el-cancer\/","title":{"rendered":"D\u00eda Mundial Contra el Cancer"},"content":{"rendered":"<div class=\"fusion-fullwidth fullwidth-box nonhundred-percent-fullwidth non-hundred-percent-height-scrolling\"  style='background-color: rgba(255,255,255,0);background-position: center center;background-repeat: no-repeat;padding-top:20px;padding-right:0px;padding-bottom:20px;padding-left:0px;border-top-width:0px;border-bottom-width:0px;border-color:#eae9e9;border-top-style:solid;border-bottom-style:solid;'><div class=\"fusion-builder-row fusion-row \"><div  class=\"fusion-layout-column fusion_builder_column fusion_builder_column_1_1  fusion-one-full fusion-column-first fusion-column-last 1_1\"  style='margin-top:0px;margin-bottom:20px;'>\r\n\t\t\t\t\t<div class=\"fusion-column-wrapper\" style=\"background-position:left top;background-repeat:no-repeat;-webkit-background-size:cover;-moz-background-size:cover;-o-background-size:cover;background-size:cover;\"   data-bg-url=\"\">\r\n\t\t\t\t\t\t<div class=\"fusion-text\"><p>Hoy, desde el a\u00f1o 2000 es el d\u00eda mundial contra el c\u00e1ncer.<\/p>\n<p>\u00bfPor qu\u00e9 crear un d\u00eda especial para esto cuando la lucha es diaria?<\/p>\n<p>Pues porque es una de las principales causas de muerte. Porque uno de cada 3 hombres morir\u00e1 por c\u00e1ncer, porque 1 de cada 4 mujeres morir\u00e1 por c\u00e1ncer. Y porque los casos est\u00e1n aumentando dr\u00e1sticamente, superando a d\u00eda de hoy los datos previstos para el 2020.<\/p>\n<p>Es fundamental se\u00f1alar en rojo este d\u00eda en el calendario con una nota que diga: EL C\u00c1NCER SE PUEDE PREVENIR, PUEDE TRATARSE Y PUEDE CURARSE.<\/p>\n<p>Demos la vuelta a las estad\u00edsticas, nosotros nos hemos marcado esa meta, hoy y el resto de d\u00edas del a\u00f1o.<\/p>\n<p>Si quieres unirte a nuestra lucha ponte un lazo, ponte en nuestro lugar y ponte en marcha. Un mundo contra el c\u00e1ncer ser\u00e1 posible si remamos todos juntos.<\/p>\n<p><a href=\"http:\/\/pheipas.org\/colabora\/hazte-socio\/\">Puedes asociarte a trav\u00e9s de nuestra web, y desde 15\u20ac\/a\u00f1o.<\/a><\/p>\n<p>Alg\u00fan d\u00eda no tendremos que marcar esta fecha en el calendario. Pero hasta entonces, movil\u00edzate.<\/p>\n<\/div><div class=\"fusion-clearfix\"><\/div>\r\n\r\n\t\t\t\t\t<\/div>\r\n\t\t\t\t<\/div><\/div><\/div>\n","protected":false},"excerpt":{"rendered":"","protected":false},"author":5,"featured_media":3820,"comment_status":"open","ping_status":"open","sticky":false,"template":"","format":"standard","meta":[],"categories":[48],"tags":[],"_links":{"self":[{"href":"http:\/\/pheipas.org\/en\/wp-json\/wp\/v2\/posts\/3816"}],"collection":[{"href":"http:\/\/pheipas.org\/en\/wp-json\/wp\/v2\/posts"}],"about":[{"href":"http:\/\/pheipas.org\/en\/wp-json\/wp\/v2\/types\/post"}],"author":[{"embeddable":true,"href":"http:\/\/pheipas.org\/en\/wp-json\/wp\/v2\/users\/5"}],"replies":[{"embeddable":true,"href":"http:\/\/pheipas.org\/en\/wp-json\/wp\/v2\/comments?post=3816"}],"version-history":[{"count":0,"href":"http:\/\/pheipas.org\/en\/wp-json\/wp\/v2\/posts\/3816\/revisions"}],"wp:featuredmedia":[{"embeddable":true,"href":"http:\/\/pheipas.org\/en\/wp-json\/wp\/v2\/media\/3820"}],"wp:attachment":[{"href":"http:\/\/pheipas.org\/en\/wp-json\/wp\/v2\/media?parent=3816"}],"wp:term":[{"taxonomy":"category","embeddable":true,"href":"http:\/\/pheipas.org\/en\/wp-json\/wp\/v2\/categories?post=3816"},{"taxonomy":"post_tag","embeddable":true,"href":"http:\/\/pheipas.org\/en\/wp-json\/wp\/v2\/tags?post=3816"}],"curies":[{"name":"wp","href":"https:\/\/api.w.org\/{rel}","templated":true}]}}